{"id":18113,"date":"2024-10-21T10:00:00","date_gmt":"2024-10-21T08:00:00","guid":{"rendered":"https:\/\/defenderbox.de\/?p=18113"},"modified":"2025-08-13T18:39:24","modified_gmt":"2025-08-13T16:39:24","slug":"bvd","status":"publish","type":"post","link":"https:\/\/defenderbox.de\/en\/bvd\/","title":{"rendered":"BvD Fall Conference"},"content":{"rendered":"<div data-elementor-type=\"wp-post\" data-elementor-id=\"18113\" class=\"elementor elementor-18113\" data-elementor-post-type=\"post\">\n\t\t\t\t<div class=\"elementor-element elementor-element-491d0086 e-con-full e-flex e-con e-parent\" data-id=\"491d0086\" data-element_type=\"container\" data-e-type=\"container\">\n\t\t\t\t<div class=\"elementor-element elementor-element-3ff759c9 elementor-widget elementor-widget-text-editor\" data-id=\"3ff759c9\" data-element_type=\"widget\" data-e-type=\"widget\" data-widget_type=\"text-editor.default\">\n\t\t\t\t\t\t\t\t\t<h2 class=\"wp-block-heading\">Exhibition and lecture<\/h2>\n<!-- \/wp:heading --><!-- wp:paragraph -->\n<p>On October 16 and 17, we were a partner and exhibitor at the fall conference of the Berufsverband der Datenschutzbeauftragten Deutschlands (BvD) e.V. at the M\u00f6venpick Hotel Stuttgart Messe.<\/p>\n<!-- \/wp:paragraph --><!-- wp:paragraph -->\n<p>The <strong>BvD Fall Conference<\/strong>\u00a0is a central meeting point for the professional exchange of current data protection issues in the public and non-public sector. The event has been organized by the BvD together with the Baden-W\u00fcrttemberg State Commissioner for Data Protection and Freedom of Information, the Bavarian State Office for Data Protection Supervision and the Bavarian State Commissioner for Data Protection for seven years.<\/p>\n<!-- \/wp:paragraph --><!-- wp:paragraph -->\n<p>This year, the focus was on maintaining a cyber overview. That's why data protection officers from all areas came together to discuss current developments and challenges.<\/p>\n<!-- \/wp:paragraph --><!-- wp:gallery {\"linkTo\":\"none\"} -->\n<figure class=\"wp-block-gallery has-nested-images columns-default is-cropped\"><!-- wp:image {\"id\":18907,\"sizeSlug\":\"large\",\"linkDestination\":\"none\"} -->\n<figure class=\"wp-block-image size-large\"><img fetchpriority=\"high\" decoding=\"async\" width=\"1024\" height=\"768\" class=\"wp-image-18907 alignleft\" src=\"https:\/\/defenderbox.de\/wp-content\/uploads\/2024\/10\/BvDHerbsttagung-1024x768.png\" alt=\"BvD fall conference\" srcset=\"https:\/\/defenderbox.de\/wp-content\/uploads\/2024\/10\/BvDHerbsttagung-1024x768.png 1024w, https:\/\/defenderbox.de\/wp-content\/uploads\/2024\/10\/BvDHerbsttagung-300x225.png 300w, https:\/\/defenderbox.de\/wp-content\/uploads\/2024\/10\/BvDHerbsttagung-768x576.png 768w, https:\/\/defenderbox.de\/wp-content\/uploads\/2024\/10\/BvDHerbsttagung-1000x750.png 1000w, https:\/\/defenderbox.de\/wp-content\/uploads\/2024\/10\/BvDHerbsttagung-747x560.png 747w, https:\/\/defenderbox.de\/wp-content\/uploads\/2024\/10\/BvDHerbsttagung-600x450.png 600w, https:\/\/defenderbox.de\/wp-content\/uploads\/2024\/10\/BvDHerbsttagung.png 1280w\" sizes=\"(max-width: 1024px) 100vw, 1024px\" \/>\n<figcaption class=\"wp-element-caption\">BvD fall conference<\/figcaption>\n<\/figure>\n<!-- \/wp:image --><!-- wp:image {\"id\":18906,\"sizeSlug\":\"large\",\"linkDestination\":\"none\"} -->\n<figure class=\"wp-block-image size-large\"><img decoding=\"async\" width=\"768\" height=\"1024\" class=\"wp-image-18906 aligncenter\" src=\"https:\/\/defenderbox.de\/wp-content\/uploads\/2024\/10\/Anmeldung_BvD-Herbsttagung-768x1024.png\" alt=\"Registration_BvD Fall Conference\" srcset=\"https:\/\/defenderbox.de\/wp-content\/uploads\/2024\/10\/Anmeldung_BvD-Herbsttagung-768x1024.png 768w, https:\/\/defenderbox.de\/wp-content\/uploads\/2024\/10\/Anmeldung_BvD-Herbsttagung-225x300.png 225w, https:\/\/defenderbox.de\/wp-content\/uploads\/2024\/10\/Anmeldung_BvD-Herbsttagung-1152x1536.png 1152w, https:\/\/defenderbox.de\/wp-content\/uploads\/2024\/10\/Anmeldung_BvD-Herbsttagung-1000x1334.png 1000w, https:\/\/defenderbox.de\/wp-content\/uploads\/2024\/10\/Anmeldung_BvD-Herbsttagung-420x560.png 420w, https:\/\/defenderbox.de\/wp-content\/uploads\/2024\/10\/Anmeldung_BvD-Herbsttagung-600x800.png 600w, https:\/\/defenderbox.de\/wp-content\/uploads\/2024\/10\/Anmeldung_BvD-Herbsttagung.png 1280w\" sizes=\"(max-width: 768px) 100vw, 768px\" \/>\n<figcaption class=\"wp-element-caption\">Registration_BvD Fall Conference<\/figcaption>\n<\/figure>\n<!-- \/wp:image --><!-- wp:image {\"id\":18905,\"sizeSlug\":\"large\",\"linkDestination\":\"none\"} -->\n<figure class=\"wp-block-image size-large\"><img decoding=\"async\" width=\"1024\" height=\"768\" class=\"wp-image-18905\" src=\"https:\/\/defenderbox.de\/wp-content\/uploads\/2024\/10\/Plenum_BvD-1024x768.png\" alt=\"Plenum at the BvD\" srcset=\"https:\/\/defenderbox.de\/wp-content\/uploads\/2024\/10\/Plenum_BvD-1024x768.png 1024w, https:\/\/defenderbox.de\/wp-content\/uploads\/2024\/10\/Plenum_BvD-300x225.png 300w, https:\/\/defenderbox.de\/wp-content\/uploads\/2024\/10\/Plenum_BvD-768x576.png 768w, https:\/\/defenderbox.de\/wp-content\/uploads\/2024\/10\/Plenum_BvD-1000x750.png 1000w, https:\/\/defenderbox.de\/wp-content\/uploads\/2024\/10\/Plenum_BvD-747x560.png 747w, https:\/\/defenderbox.de\/wp-content\/uploads\/2024\/10\/Plenum_BvD-600x450.png 600w, https:\/\/defenderbox.de\/wp-content\/uploads\/2024\/10\/Plenum_BvD.png 1280w\" sizes=\"(max-width: 1024px) 100vw, 1024px\" \/>\n<figcaption class=\"wp-element-caption\">Plenum at the BvD<\/figcaption>\n<\/figure>\n<!-- \/wp:image --><!-- wp:image {\"id\":18904,\"sizeSlug\":\"large\",\"linkDestination\":\"none\"} -->\n<figure class=\"wp-block-image size-large\"><img loading=\"lazy\" decoding=\"async\" width=\"768\" height=\"1024\" class=\"wp-image-18904\" src=\"https:\/\/defenderbox.de\/wp-content\/uploads\/2024\/10\/Vortrag-Markus-768x1024.png\" alt=\"Presentation Markus Schulte BvD\" srcset=\"https:\/\/defenderbox.de\/wp-content\/uploads\/2024\/10\/Vortrag-Markus-768x1024.png 768w, https:\/\/defenderbox.de\/wp-content\/uploads\/2024\/10\/Vortrag-Markus-225x300.png 225w, https:\/\/defenderbox.de\/wp-content\/uploads\/2024\/10\/Vortrag-Markus-1152x1536.png 1152w, https:\/\/defenderbox.de\/wp-content\/uploads\/2024\/10\/Vortrag-Markus-1000x1334.png 1000w, https:\/\/defenderbox.de\/wp-content\/uploads\/2024\/10\/Vortrag-Markus-420x560.png 420w, https:\/\/defenderbox.de\/wp-content\/uploads\/2024\/10\/Vortrag-Markus-600x800.png 600w, https:\/\/defenderbox.de\/wp-content\/uploads\/2024\/10\/Vortrag-Markus.png 1280w\" sizes=\"(max-width: 768px) 100vw, 768px\" \/>\n<figcaption class=\"wp-element-caption\">Presentation Markus Schulte BvD<\/figcaption>\n<\/figure>\n<!-- \/wp:image --><\/figure>\n<!-- \/wp:gallery --><!-- wp:paragraph -->\n<p>Our expert Markus Schulte spoke on 16.10.2024 at 16.30 about <strong>\"Be armed against cyber threats! How to advise your customers and companies\"<\/strong>.<\/p>\n<!-- \/wp:paragraph --><!-- wp:paragraph -->\n<p>The presentation provided a comprehensive overview of the main cyber threats facing clients and businesses today. It covered best practices for strengthening cyber security, important tricks for IT infrastructure, secure passwords and regular software updates. Markus Schulte also presented proactive solutions such as automated pentesting, which help companies to identify security vulnerabilities at an early stage and protect themselves effectively. Finally, contingency plans and legal requirements were highlighted in order to be prepared for cyber attacks and to advise customers with confidence.<\/p>\n<!-- \/wp:paragraph --><!-- wp:heading -->\n<h2 class=\"wp-block-heading\">Are you prepared for cyber attacks?<\/h2>\n<!-- \/wp:heading --><!-- wp:paragraph -->\n<p>With the <a href=\"https:\/\/defenderbox.de\/en\/product\/\">DEFENDERBOX<\/a> you are one step ahead of cyber threats: Strengthen your company's resistance to hacker attacks - even in your own environment!<\/p>\n<!-- \/wp:paragraph --><!-- wp:paragraph -->\n<p>Would you like to know how secure your company is? Find out with a test setup! Book now:<\/p>\n<!-- \/wp:paragraph --><!-- wp:buttons -->\n<div class=\"wp-block-buttons\">\n<div class=\"wp-block-button\"><a class=\"wp-block-button__link has-luminous-vivid-orange-background-color has-background wp-element-button\" href=\"https:\/\/defenderbox.de\/en\/test-installation\/\" target=\"_blank\" rel=\"noreferrer noopener\"><strong>TEST INSTALLATION<\/strong><\/a><\/div>\n<\/div>\n<!-- \/wp:group -->\t\t\t\t\t\t\t\t<\/div>\n\t\t\t\t<\/div>\n\t\t\t\t<\/div>","protected":false},"excerpt":{"rendered":"<p>On October 16 and 17, we were a partner and exhibitor at the eighth BvD Fall Conference. <\/p>","protected":false},"author":3,"featured_media":17903,"comment_status":"closed","ping_status":"closed","sticky":false,"template":"","format":"standard","meta":{"_acf_changed":false,"footnotes":""},"categories":[32],"tags":[41,39,38,40,37,36],"class_list":["post-18113","post","type-post","status-publish","format-standard","has-post-thumbnail","hentry","category-events-zum-thema-defenderbox","tag-cyberlage","tag-cybersecurity","tag-cybersicherheit","tag-hackerangriffe","tag-schwachstellen","tag-sicherheitsluecken"],"acf":[],"yoast_head":"<!-- This site is optimized with the Yoast SEO plugin v27.4 - https:\/\/yoast.com\/product\/yoast-seo-wordpress\/ -->\n<title>BvD Herbstkonferenz - DEFENDERBOX<\/title>\n<meta name=\"description\" content=\"DEFENDERBOX: Ihr Partner f\u00fcr IT-Sicherheit &amp; Compliance. Proaktive Cybersecurity-L\u00f6sung f\u00fcr den Mittelstand, NGOs und \u00f6ffentlichen Sektor. Jetzt Cyber-Widerstandsf\u00e4higkeit st\u00e4rken.\" \/>\n<meta name=\"robots\" content=\"index, follow, max-snippet:-1, max-image-preview:large, max-video-preview:-1\" \/>\n<link rel=\"canonical\" href=\"https:\/\/defenderbox.de\/en\/bvd\/\" \/>\n<meta property=\"og:locale\" content=\"en_US\" \/>\n<meta property=\"og:type\" content=\"article\" \/>\n<meta property=\"og:title\" content=\"BvD Herbstkonferenz - DEFENDERBOX\" \/>\n<meta property=\"og:description\" content=\"DEFENDERBOX: Ihr Partner f\u00fcr IT-Sicherheit &amp; Compliance. Proaktive Cybersecurity-L\u00f6sung f\u00fcr den Mittelstand, NGOs und \u00f6ffentlichen Sektor. Jetzt Cyber-Widerstandsf\u00e4higkeit st\u00e4rken.\" \/>\n<meta property=\"og:url\" content=\"https:\/\/defenderbox.de\/en\/bvd\/\" \/>\n<meta property=\"og:site_name\" content=\"DEFENDERBOX\" \/>\n<meta property=\"article:publisher\" content=\"https:\/\/de.linkedin.com\/company\/defenderbox\" \/>\n<meta property=\"article:published_time\" content=\"2024-10-21T08:00:00+00:00\" \/>\n<meta property=\"article:modified_time\" content=\"2025-08-13T16:39:24+00:00\" \/>\n<meta property=\"og:image\" content=\"https:\/\/defenderbox.de\/wp-content\/uploads\/2024\/10\/Bildschirmfoto-2024-10-02-um-10.56.22.png\" \/>\n\t<meta property=\"og:image:width\" content=\"907\" \/>\n\t<meta property=\"og:image:height\" content=\"494\" \/>\n\t<meta property=\"og:image:type\" content=\"image\/png\" \/>\n<meta name=\"author\" content=\"Regine Heue\" \/>\n<meta name=\"twitter:card\" content=\"summary_large_image\" \/>\n<meta name=\"twitter:label1\" content=\"Written by\" \/>\n\t<meta name=\"twitter:data1\" content=\"Regine Heue\" \/>\n\t<meta name=\"twitter:label2\" content=\"Est. reading time\" \/>\n\t<meta name=\"twitter:data2\" content=\"3 minutes\" \/>\n<script type=\"application\/ld+json\" class=\"yoast-schema-graph\">{\"@context\":\"https:\\\/\\\/schema.org\",\"@graph\":[{\"@type\":\"Article\",\"@id\":\"https:\\\/\\\/defenderbox.de\\\/bvd\\\/#article\",\"isPartOf\":{\"@id\":\"https:\\\/\\\/defenderbox.de\\\/bvd\\\/\"},\"author\":{\"name\":\"Regine Heue\",\"@id\":\"https:\\\/\\\/defenderbox.de\\\/#\\\/schema\\\/person\\\/b83407c671731c92428913089813ab49\"},\"headline\":\"BvD Herbstkonferenz\",\"datePublished\":\"2024-10-21T08:00:00+00:00\",\"dateModified\":\"2025-08-13T16:39:24+00:00\",\"mainEntityOfPage\":{\"@id\":\"https:\\\/\\\/defenderbox.de\\\/bvd\\\/\"},\"wordCount\":283,\"publisher\":{\"@id\":\"https:\\\/\\\/defenderbox.de\\\/#organization\"},\"image\":{\"@id\":\"https:\\\/\\\/defenderbox.de\\\/bvd\\\/#primaryimage\"},\"thumbnailUrl\":\"https:\\\/\\\/defenderbox.de\\\/wp-content\\\/uploads\\\/2024\\\/10\\\/Bildschirmfoto-2024-10-02-um-10.56.22.png\",\"keywords\":[\"Cyberlage\",\"Cybersecurity\",\"Cybersicherheit\",\"Hackerangriffe\",\"Schwachstellen\",\"Sicherheitsl\u00fccken\"],\"articleSection\":[\"Event\"],\"inLanguage\":\"en-US\"},{\"@type\":\"WebPage\",\"@id\":\"https:\\\/\\\/defenderbox.de\\\/bvd\\\/\",\"url\":\"https:\\\/\\\/defenderbox.de\\\/bvd\\\/\",\"name\":\"BvD Herbstkonferenz - DEFENDERBOX\",\"isPartOf\":{\"@id\":\"https:\\\/\\\/defenderbox.de\\\/#website\"},\"primaryImageOfPage\":{\"@id\":\"https:\\\/\\\/defenderbox.de\\\/bvd\\\/#primaryimage\"},\"image\":{\"@id\":\"https:\\\/\\\/defenderbox.de\\\/bvd\\\/#primaryimage\"},\"thumbnailUrl\":\"https:\\\/\\\/defenderbox.de\\\/wp-content\\\/uploads\\\/2024\\\/10\\\/Bildschirmfoto-2024-10-02-um-10.56.22.png\",\"datePublished\":\"2024-10-21T08:00:00+00:00\",\"dateModified\":\"2025-08-13T16:39:24+00:00\",\"description\":\"DEFENDERBOX: Ihr Partner f\u00fcr IT-Sicherheit & Compliance. Proaktive Cybersecurity-L\u00f6sung f\u00fcr den Mittelstand, NGOs und \u00f6ffentlichen Sektor. Jetzt Cyber-Widerstandsf\u00e4higkeit st\u00e4rken.\",\"breadcrumb\":{\"@id\":\"https:\\\/\\\/defenderbox.de\\\/bvd\\\/#breadcrumb\"},\"inLanguage\":\"en-US\",\"potentialAction\":[{\"@type\":\"ReadAction\",\"target\":[\"https:\\\/\\\/defenderbox.de\\\/bvd\\\/\"]}]},{\"@type\":\"ImageObject\",\"inLanguage\":\"en-US\",\"@id\":\"https:\\\/\\\/defenderbox.de\\\/bvd\\\/#primaryimage\",\"url\":\"https:\\\/\\\/defenderbox.de\\\/wp-content\\\/uploads\\\/2024\\\/10\\\/Bildschirmfoto-2024-10-02-um-10.56.22.png\",\"contentUrl\":\"https:\\\/\\\/defenderbox.de\\\/wp-content\\\/uploads\\\/2024\\\/10\\\/Bildschirmfoto-2024-10-02-um-10.56.22.png\",\"width\":907,\"height\":494,\"caption\":\"Wir sind auf der BvD e.V. Herbsttagung in Stuttgart dabei!\"},{\"@type\":\"BreadcrumbList\",\"@id\":\"https:\\\/\\\/defenderbox.de\\\/bvd\\\/#breadcrumb\",\"itemListElement\":[{\"@type\":\"ListItem\",\"position\":1,\"name\":\"Startseite\",\"item\":\"https:\\\/\\\/defenderbox.de\\\/\"},{\"@type\":\"ListItem\",\"position\":2,\"name\":\"BvD Herbstkonferenz\"}]},{\"@type\":\"WebSite\",\"@id\":\"https:\\\/\\\/defenderbox.de\\\/#website\",\"url\":\"https:\\\/\\\/defenderbox.de\\\/\",\"name\":\"DEFENDERBOX\",\"description\":\"Cybersecurity at its best.\",\"publisher\":{\"@id\":\"https:\\\/\\\/defenderbox.de\\\/#organization\"},\"potentialAction\":[{\"@type\":\"SearchAction\",\"target\":{\"@type\":\"EntryPoint\",\"urlTemplate\":\"https:\\\/\\\/defenderbox.de\\\/?s={search_term_string}\"},\"query-input\":{\"@type\":\"PropertyValueSpecification\",\"valueRequired\":true,\"valueName\":\"search_term_string\"}}],\"inLanguage\":\"en-US\"},{\"@type\":\"Organization\",\"@id\":\"https:\\\/\\\/defenderbox.de\\\/#organization\",\"name\":\"DEFENDERBOX\",\"url\":\"https:\\\/\\\/defenderbox.de\\\/\",\"logo\":{\"@type\":\"ImageObject\",\"inLanguage\":\"en-US\",\"@id\":\"https:\\\/\\\/defenderbox.de\\\/#\\\/schema\\\/logo\\\/image\\\/\",\"url\":\"https:\\\/\\\/defenderbox.de\\\/wp-content\\\/uploads\\\/2024\\\/08\\\/cropped-Logo_Claim-400_116.png\",\"contentUrl\":\"https:\\\/\\\/defenderbox.de\\\/wp-content\\\/uploads\\\/2024\\\/08\\\/cropped-Logo_Claim-400_116.png\",\"width\":400,\"height\":110,\"caption\":\"DEFENDERBOX\"},\"image\":{\"@id\":\"https:\\\/\\\/defenderbox.de\\\/#\\\/schema\\\/logo\\\/image\\\/\"},\"sameAs\":[\"https:\\\/\\\/de.linkedin.com\\\/company\\\/defenderbox\"]},{\"@type\":\"Person\",\"@id\":\"https:\\\/\\\/defenderbox.de\\\/#\\\/schema\\\/person\\\/b83407c671731c92428913089813ab49\",\"name\":\"Regine Heue\",\"image\":{\"@type\":\"ImageObject\",\"inLanguage\":\"en-US\",\"@id\":\"https:\\\/\\\/secure.gravatar.com\\\/avatar\\\/229aff465565b2ec40968fea9d60687f0298ac3de5d0c39eeb1b385e3b6eabaf?s=96&d=mm&r=g\",\"url\":\"https:\\\/\\\/secure.gravatar.com\\\/avatar\\\/229aff465565b2ec40968fea9d60687f0298ac3de5d0c39eeb1b385e3b6eabaf?s=96&d=mm&r=g\",\"contentUrl\":\"https:\\\/\\\/secure.gravatar.com\\\/avatar\\\/229aff465565b2ec40968fea9d60687f0298ac3de5d0c39eeb1b385e3b6eabaf?s=96&d=mm&r=g\",\"caption\":\"Regine Heue\"},\"sameAs\":[\"http:\\\/\\\/defenderbox.de\"],\"url\":\"https:\\\/\\\/defenderbox.de\\\/en\\\/author\\\/regine-heue\\\/\"}]}<\/script>\n<!-- \/ Yoast SEO plugin. -->","yoast_head_json":{"title":"BvD Fall Conference - DEFENDERBOX","description":"DEFENDERBOX: Your Partner for IT Security &amp; Compliance. Proactive Cybersecurity Solution for Small and Medium-sized Businesses, NGOs, and the Public Sector. Strengthen Cyber Resilience Now.","robots":{"index":"index","follow":"follow","max-snippet":"max-snippet:-1","max-image-preview":"max-image-preview:large","max-video-preview":"max-video-preview:-1"},"canonical":"https:\/\/defenderbox.de\/en\/bvd\/","og_locale":"en_US","og_type":"article","og_title":"BvD Herbstkonferenz - DEFENDERBOX","og_description":"DEFENDERBOX: Ihr Partner f\u00fcr IT-Sicherheit & Compliance. Proaktive Cybersecurity-L\u00f6sung f\u00fcr den Mittelstand, NGOs und \u00f6ffentlichen Sektor. Jetzt Cyber-Widerstandsf\u00e4higkeit st\u00e4rken.","og_url":"https:\/\/defenderbox.de\/en\/bvd\/","og_site_name":"DEFENDERBOX","article_publisher":"https:\/\/de.linkedin.com\/company\/defenderbox","article_published_time":"2024-10-21T08:00:00+00:00","article_modified_time":"2025-08-13T16:39:24+00:00","og_image":[{"width":907,"height":494,"url":"https:\/\/defenderbox.de\/wp-content\/uploads\/2024\/10\/Bildschirmfoto-2024-10-02-um-10.56.22.png","type":"image\/png"}],"author":"Regine Heue","twitter_card":"summary_large_image","twitter_misc":{"Written by":"Regine Heue","Est. reading time":"3 minutes"},"schema":{"@context":"https:\/\/schema.org","@graph":[{"@type":"Article","@id":"https:\/\/defenderbox.de\/bvd\/#article","isPartOf":{"@id":"https:\/\/defenderbox.de\/bvd\/"},"author":{"name":"Regine Heue","@id":"https:\/\/defenderbox.de\/#\/schema\/person\/b83407c671731c92428913089813ab49"},"headline":"BvD Herbstkonferenz","datePublished":"2024-10-21T08:00:00+00:00","dateModified":"2025-08-13T16:39:24+00:00","mainEntityOfPage":{"@id":"https:\/\/defenderbox.de\/bvd\/"},"wordCount":283,"publisher":{"@id":"https:\/\/defenderbox.de\/#organization"},"image":{"@id":"https:\/\/defenderbox.de\/bvd\/#primaryimage"},"thumbnailUrl":"https:\/\/defenderbox.de\/wp-content\/uploads\/2024\/10\/Bildschirmfoto-2024-10-02-um-10.56.22.png","keywords":["Cyberlage","Cybersecurity","Cybersicherheit","Hackerangriffe","Schwachstellen","Sicherheitsl\u00fccken"],"articleSection":["Event"],"inLanguage":"en-US"},{"@type":"WebPage","@id":"https:\/\/defenderbox.de\/bvd\/","url":"https:\/\/defenderbox.de\/bvd\/","name":"BvD Fall Conference - DEFENDERBOX","isPartOf":{"@id":"https:\/\/defenderbox.de\/#website"},"primaryImageOfPage":{"@id":"https:\/\/defenderbox.de\/bvd\/#primaryimage"},"image":{"@id":"https:\/\/defenderbox.de\/bvd\/#primaryimage"},"thumbnailUrl":"https:\/\/defenderbox.de\/wp-content\/uploads\/2024\/10\/Bildschirmfoto-2024-10-02-um-10.56.22.png","datePublished":"2024-10-21T08:00:00+00:00","dateModified":"2025-08-13T16:39:24+00:00","description":"DEFENDERBOX: Your Partner for IT Security &amp; Compliance. Proactive Cybersecurity Solution for Small and Medium-sized Businesses, NGOs, and the Public Sector. Strengthen Cyber Resilience Now.","breadcrumb":{"@id":"https:\/\/defenderbox.de\/bvd\/#breadcrumb"},"inLanguage":"en-US","potentialAction":[{"@type":"ReadAction","target":["https:\/\/defenderbox.de\/bvd\/"]}]},{"@type":"ImageObject","inLanguage":"en-US","@id":"https:\/\/defenderbox.de\/bvd\/#primaryimage","url":"https:\/\/defenderbox.de\/wp-content\/uploads\/2024\/10\/Bildschirmfoto-2024-10-02-um-10.56.22.png","contentUrl":"https:\/\/defenderbox.de\/wp-content\/uploads\/2024\/10\/Bildschirmfoto-2024-10-02-um-10.56.22.png","width":907,"height":494,"caption":"Wir sind auf der BvD e.V. Herbsttagung in Stuttgart dabei!"},{"@type":"BreadcrumbList","@id":"https:\/\/defenderbox.de\/bvd\/#breadcrumb","itemListElement":[{"@type":"ListItem","position":1,"name":"Startseite","item":"https:\/\/defenderbox.de\/"},{"@type":"ListItem","position":2,"name":"BvD Herbstkonferenz"}]},{"@type":"WebSite","@id":"https:\/\/defenderbox.de\/#website","url":"https:\/\/defenderbox.de\/","name":"DEFENDERBOX","description":"Cybersecurity at its best.","publisher":{"@id":"https:\/\/defenderbox.de\/#organization"},"potentialAction":[{"@type":"SearchAction","target":{"@type":"EntryPoint","urlTemplate":"https:\/\/defenderbox.de\/?s={search_term_string}"},"query-input":{"@type":"PropertyValueSpecification","valueRequired":true,"valueName":"search_term_string"}}],"inLanguage":"en-US"},{"@type":"Organization","@id":"https:\/\/defenderbox.de\/#organization","name":"DEFENDERBOX","url":"https:\/\/defenderbox.de\/","logo":{"@type":"ImageObject","inLanguage":"en-US","@id":"https:\/\/defenderbox.de\/#\/schema\/logo\/image\/","url":"https:\/\/defenderbox.de\/wp-content\/uploads\/2024\/08\/cropped-Logo_Claim-400_116.png","contentUrl":"https:\/\/defenderbox.de\/wp-content\/uploads\/2024\/08\/cropped-Logo_Claim-400_116.png","width":400,"height":110,"caption":"DEFENDERBOX"},"image":{"@id":"https:\/\/defenderbox.de\/#\/schema\/logo\/image\/"},"sameAs":["https:\/\/de.linkedin.com\/company\/defenderbox"]},{"@type":"Person","@id":"https:\/\/defenderbox.de\/#\/schema\/person\/b83407c671731c92428913089813ab49","name":"Regine Heue","image":{"@type":"ImageObject","inLanguage":"en-US","@id":"https:\/\/secure.gravatar.com\/avatar\/229aff465565b2ec40968fea9d60687f0298ac3de5d0c39eeb1b385e3b6eabaf?s=96&d=mm&r=g","url":"https:\/\/secure.gravatar.com\/avatar\/229aff465565b2ec40968fea9d60687f0298ac3de5d0c39eeb1b385e3b6eabaf?s=96&d=mm&r=g","contentUrl":"https:\/\/secure.gravatar.com\/avatar\/229aff465565b2ec40968fea9d60687f0298ac3de5d0c39eeb1b385e3b6eabaf?s=96&d=mm&r=g","caption":"Regine Heue"},"sameAs":["http:\/\/defenderbox.de"],"url":"https:\/\/defenderbox.de\/en\/author\/regine-heue\/"}]}},"_links":{"self":[{"href":"https:\/\/defenderbox.de\/en\/wp-json\/wp\/v2\/posts\/18113","targetHints":{"allow":["GET"]}}],"collection":[{"href":"https:\/\/defenderbox.de\/en\/wp-json\/wp\/v2\/posts"}],"about":[{"href":"https:\/\/defenderbox.de\/en\/wp-json\/wp\/v2\/types\/post"}],"author":[{"embeddable":true,"href":"https:\/\/defenderbox.de\/en\/wp-json\/wp\/v2\/users\/3"}],"replies":[{"embeddable":true,"href":"https:\/\/defenderbox.de\/en\/wp-json\/wp\/v2\/comments?post=18113"}],"version-history":[{"count":0,"href":"https:\/\/defenderbox.de\/en\/wp-json\/wp\/v2\/posts\/18113\/revisions"}],"wp:featuredmedia":[{"embeddable":true,"href":"https:\/\/defenderbox.de\/en\/wp-json\/wp\/v2\/media\/17903"}],"wp:attachment":[{"href":"https:\/\/defenderbox.de\/en\/wp-json\/wp\/v2\/media?parent=18113"}],"wp:term":[{"taxonomy":"category","embeddable":true,"href":"https:\/\/defenderbox.de\/en\/wp-json\/wp\/v2\/categories?post=18113"},{"taxonomy":"post_tag","embeddable":true,"href":"https:\/\/defenderbox.de\/en\/wp-json\/wp\/v2\/tags?post=18113"}],"curies":[{"name":"wp","href":"https:\/\/api.w.org\/{rel}","templated":true}]}}